{"id":9006,"date":"2026-08-31T16:26:29","date_gmt":"2026-08-31T16:26:29","guid":{"rendered":"https:\/\/www.mundorunning.cl\/app\/?p=9006"},"modified":"2026-08-31T16:27:04","modified_gmt":"2026-08-31T16:27:04","slug":"stgo21k2026_2","status":"publish","type":"post","link":"https:\/\/www.mundorunning.cl\/app\/running\/stgo21k2026_2\/","title":{"rendered":"STGO21K cerr\u00f3 su temporada con miles de atletas corriendo en Las Condes\ufffc"},"content":{"rendered":"\n<p><em>Miles de corredores volvieron a llenar las calles de Las Condes en una nueva edici\u00f3n del tradicional medio marat\u00f3n, que cerr\u00f3 su temporada 2026 con triunfos de Mat\u00edas Silva y Pamela Padilla y confirm\u00f3, una vez m\u00e1s, su lugar como una de las carreras imperdibles del calendario nacional.\u00a0<\/em><\/p>\n\n\n\n<p class=\"has-text-align-center\"><img loading=\"lazy\" width=\"1097\" height=\"600\" class=\"wp-image-9008\" style=\"width: 400px;\" src=\"https:\/\/www.mundorunning.cl\/app\/wp-content\/uploads\/2026\/08\/Stgo21K_26_A.jpg\" alt=\"\" srcset=\"https:\/\/www.mundorunning.cl\/app\/wp-content\/uploads\/2026\/08\/Stgo21K_26_A.jpg 1097w, https:\/\/www.mundorunning.cl\/app\/wp-content\/uploads\/2026\/08\/Stgo21K_26_A-300x164.jpg 300w, https:\/\/www.mundorunning.cl\/app\/wp-content\/uploads\/2026\/08\/Stgo21K_26_A-1024x560.jpg 1024w, https:\/\/www.mundorunning.cl\/app\/wp-content\/uploads\/2026\/08\/Stgo21K_26_A-768x420.jpg 768w\" sizes=\"(max-width: 1097px) 100vw, 1097px\" \/><\/p>\n\n\n\n<p>Con miles de corredores en la l\u00ednea de partida, el pasado domingo 30 de agosto Las Condes volvi\u00f3 a convertirse en el escenario del <strong>Huawei Watch STGO21K By ASICS<\/strong>, que celebr\u00f3 su 14.\u00aa edici\u00f3n y cerr\u00f3 su calendario 2026 con la segunda y \u00faltima fecha del a\u00f1o. Una carrera que se ha convertido en el 21K m\u00e1s tradicional del calendario nacional y que a\u00f1o tras a\u00f1o re\u00fane a una importante cantidad de corredores experimentados, que la tienen como una de sus fechas imperdibles. Una tradici\u00f3n que volvi\u00f3 a quedar demostrada con miles de personas repletando las calles de la comuna. Tras desafiar las calles de \u00d1u\u00f1oa en marzo, los corredores se enfrentaron esta vez a un circuito que los llev\u00f3 por algunas de las principales arterias de Las Condes, como Los Militares, Presidente Riesco, Alonso de C\u00f3rdova, Lateral Kennedy y Las Tranqueras. Y aunque el invierno todav\u00eda se resiste a abandonar Santiago, esta vez dio una tregua: una ma\u00f1ana fr\u00eda pero soleada, con condiciones pr\u00e1cticamente perfectas para correr.\u00a0<\/p>\n\n\n\n<p>\u201cEstamos muy contentos como organizaci\u00f3n con la gran temporada que tuvimos del Huawei Watch STGO21K By ASICS. Las personas esperan con ansias estas fechas del calendario, que adem\u00e1s est\u00e1n muy bien ubicadas en la agenda, a casi un mes de los principales maratones. El inter\u00e9s por ser parte de estas carreras se reflej\u00f3 en que los cupos se agotaron con varias semanas de anticipaci\u00f3n, lo que demuestra que los corredores valoran y agradecen eventos que cuidan cada detalle para ofrecer una gran experiencia desde el primer kil\u00f3metro\u201d, detall\u00f3 <strong>Felipe De Larraechea<\/strong>, director ejecutivo de SportHub, la productora a cargo de la organizaci\u00f3n del evento. <\/p>\n\n\n\n<p class=\"has-text-align-center\"><img loading=\"lazy\" width=\"406\" height=\"646\" class=\"wp-image-9010\" style=\"width: 400px;\" src=\"https:\/\/www.mundorunning.cl\/app\/wp-content\/uploads\/2026\/08\/Stgo21K_26_C.jpg\" alt=\"\" srcset=\"https:\/\/www.mundorunning.cl\/app\/wp-content\/uploads\/2026\/08\/Stgo21K_26_C.jpg 406w, https:\/\/www.mundorunning.cl\/app\/wp-content\/uploads\/2026\/08\/Stgo21K_26_C-189x300.jpg 189w\" sizes=\"(max-width: 406px) 100vw, 406px\" \/><\/p>\n\n\n\n<p>En la distancia principal, que le da el nombre al evento, los m\u00e1s r\u00e1pidos fueron <strong>Mat\u00edas Silva<\/strong> con 1h04:12 y <strong>Pamela Padilla<\/strong> con 1h21:28. Mat\u00edas logr\u00f3 el bicampeonato del circuito, ya que triunf\u00f3 en agosto del a\u00f1o pasado en la misma ruta. En hombres el p\u00f3dium lo complet\u00f3 <strong>Sebasti\u00e1n Hern\u00e1ndez <\/strong>con 1h11:36 e <strong>Ignacio Arteaga<\/strong> con 1h12:26. En mujeres segunda fue <strong>Paula Langlois <\/strong>con 1h21:49 y tercera <strong>Cecilia Varela <\/strong>con 1h22:03.<\/p>\n\n\n\n<p>En los 10.5K los m\u00e1s r\u00e1pidos fueron <strong>Juan Quijada <\/strong>con 30:52 y <strong>Arody Orellana <\/strong>con 41:08. Completaron el p\u00f3dium <strong>Jos\u00e9 San Juan <\/strong>con 33:01 y <strong>Javier Birkner<\/strong> con 35:15. En mujeres lleg\u00f3 segunda <strong>Valentina Greiber<\/strong> con 43:42 y tercera <strong>Camila Warnken <\/strong>con 43:42.<\/p>\n\n\n\n<p>En la distancia menor, los 5K, los m\u00e1s r\u00e1pidos fueron <strong>Francisco Lepez<\/strong> con 17:13 y <strong>Magdalena Avenda\u00f1o<\/strong> con 21:31. Segundos fueron <strong>Javier Quezada<\/strong> con 19:05 y <strong>Tain\u00e1 Marins<\/strong> con 22:03. Los terceros fueron <strong>Caio Rodrigues<\/strong> con 19:27 y <strong>Mar\u00eda Inostroza<\/strong> con 25:29. <\/p>\n\n\n\n<p class=\"has-text-align-center\"><img loading=\"lazy\" width=\"860\" height=\"439\" class=\"wp-image-9011\" style=\"width: 400px;\" src=\"https:\/\/www.mundorunning.cl\/app\/wp-content\/uploads\/2026\/08\/Stgo21K_26_D.jpg\" alt=\"\" srcset=\"https:\/\/www.mundorunning.cl\/app\/wp-content\/uploads\/2026\/08\/Stgo21K_26_D.jpg 860w, https:\/\/www.mundorunning.cl\/app\/wp-content\/uploads\/2026\/08\/Stgo21K_26_D-300x153.jpg 300w, https:\/\/www.mundorunning.cl\/app\/wp-content\/uploads\/2026\/08\/Stgo21K_26_D-768x392.jpg 768w\" sizes=\"(max-width: 860px) 100vw, 860px\" \/><\/p>\n\n\n\n<p>El <strong>Huawei Watch STGO21K By ASICS <\/strong>confirm\u00f3 el sitial que lo tienen como el medio marat\u00f3n m\u00e1s importante de Chile. Para el pr\u00f3ximo a\u00f1o la carrera volver\u00e1 a realizarse con dos fechas en el a\u00f1o, una por semestre. Pronto se abrir\u00e1n las inscripciones.<\/p>\n\n\n\n<p><\/p>\n","protected":false},"excerpt":{"rendered":"<p>Miles de corredores volvieron a llenar las calles de Las Condes en una nueva edici\u00f3n del tradicional medio marat\u00f3n, que<\/p>\n","protected":false},"author":2,"featured_media":9009,"comment_status":"closed","ping_status":"closed","sticky":false,"template":"","format":"standard","meta":[],"categories":[7,4],"tags":[],"_links":{"self":[{"href":"https:\/\/www.mundorunning.cl\/app\/wp-json\/wp\/v2\/posts\/9006"}],"collection":[{"href":"https:\/\/www.mundorunning.cl\/app\/wp-json\/wp\/v2\/posts"}],"about":[{"href":"https:\/\/www.mundorunning.cl\/app\/wp-json\/wp\/v2\/types\/post"}],"author":[{"embeddable":true,"href":"https:\/\/www.mundorunning.cl\/app\/wp-json\/wp\/v2\/users\/2"}],"replies":[{"embeddable":true,"href":"https:\/\/www.mundorunning.cl\/app\/wp-json\/wp\/v2\/comments?post=9006"}],"version-history":[{"count":2,"href":"https:\/\/www.mundorunning.cl\/app\/wp-json\/wp\/v2\/posts\/9006\/revisions"}],"predecessor-version":[{"id":9012,"href":"https:\/\/www.mundorunning.cl\/app\/wp-json\/wp\/v2\/posts\/9006\/revisions\/9012"}],"wp:featuredmedia":[{"embeddable":true,"href":"https:\/\/www.mundorunning.cl\/app\/wp-json\/wp\/v2\/media\/9009"}],"wp:attachment":[{"href":"https:\/\/www.mundorunning.cl\/app\/wp-json\/wp\/v2\/media?parent=9006"}],"wp:term":[{"taxonomy":"category","embeddable":true,"href":"https:\/\/www.mundorunning.cl\/app\/wp-json\/wp\/v2\/categories?post=9006"},{"taxonomy":"post_tag","embeddable":true,"href":"https:\/\/www.mundorunning.cl\/app\/wp-json\/wp\/v2\/tags?post=9006"}],"curies":[{"name":"wp","href":"https:\/\/api.w.org\/{rel}","templated":true}]}}