{"id":8819,"date":"2026-06-09T16:56:22","date_gmt":"2026-06-09T16:56:22","guid":{"rendered":"https:\/\/www.mundorunning.cl\/app\/?p=8819"},"modified":"2026-07-13T15:23:24","modified_gmt":"2026-07-13T15:23:24","slug":"altascumbres2026_1","status":"publish","type":"post","link":"https:\/\/www.mundorunning.cl\/app\/trail-running\/altascumbres2026_1\/","title":{"rendered":"\u00abTrail Altas Cumbres\u00bb realizar\u00e1 su nueva edici\u00f3n el pr\u00f3ximo 18 de julio"},"content":{"rendered":"\n<p>Las <a href=\"https:\/\/www.eventrid.cl\/eventos\/terrachilexpedition\/trail-altas-cumbres-2026?referer=https%3A%2F%2Fterrachilexpedition.cl%2F\" data-type=\"URL\" data-id=\"https:\/\/www.eventrid.cl\/eventos\/terrachilexpedition\/trail-altas-cumbres-2026?referer=https%3A%2F%2Fterrachilexpedition.cl%2F\" target=\"_blank\" rel=\"noreferrer noopener\">inscripciones se encuentran disponibles<\/a> para la nueva edici\u00f3n del <strong><em><a href=\"https:\/\/www.eventrid.cl\/eventos\/terrachilexpedition\/trail-altas-cumbres-2026?referer=https%3A%2F%2Fterrachilexpedition.cl%2F\" data-type=\"URL\" data-id=\"https:\/\/www.eventrid.cl\/eventos\/terrachilexpedition\/trail-altas-cumbres-2026?referer=https%3A%2F%2Fterrachilexpedition.cl%2F\" target=\"_blank\" rel=\"noreferrer noopener\">\u00abTrail Altas Cumbres\u00bb<\/a><\/em><\/strong> que se realizar\u00e1 desde Fundo Santa Rosa del Peral, en Puente Alto, el pr\u00f3ximo s\u00e1bado 18 de julio. <\/p>\n\n\n\n<p>La competencia tendr\u00e1 cuatro circuitos para que corredores de todos los niveles puedan disfrutar la experiencia de esta nueva edici\u00f3n que contempla recorridos de 4, 7, 14 y 21 kil\u00f3metros en los senderos de Parque Lo Planella, comuna de Puente Alto. El evento se realizar\u00e1 desde las 08:00 horas el pr\u00f3ximo s\u00e1bado 18 de julio, y las inscripciones ya se encuentran a la venta a trav\u00e9s del portal <strong><em><a rel=\"noreferrer noopener\" href=\"https:\/\/www.eventrid.cl\/eventos\/terrachilexpedition\/trail-altas-cumbres-2026?referer=https%3A%2F%2Fterrachilexpedition.cl%2F\" data-type=\"URL\" data-id=\"https:\/\/www.eventrid.cl\/eventos\/terrachilexpedition\/trail-altas-cumbres-2026?referer=https%3A%2F%2Fterrachilexpedition.cl%2F\" target=\"_blank\">terrachileexpedition.cl<\/a><\/em><\/strong><\/p>\n\n\n\n<p class=\"has-text-align-center\"><a href=\"https:\/\/www.eventrid.cl\/eventos\/terrachilexpedition\/trail-altas-cumbres-2026?referer=https%3A%2F%2Fterrachilexpedition.cl%2F\" data-type=\"URL\" data-id=\"https:\/\/www.eventrid.cl\/eventos\/terrachilexpedition\/trail-altas-cumbres-2026?referer=https%3A%2F%2Fterrachilexpedition.cl%2F\" target=\"_blank\" rel=\"noreferrer noopener\"><img loading=\"lazy\" width=\"673\" height=\"676\" class=\"wp-image-8824\" style=\"width: 400px;\" src=\"https:\/\/www.mundorunning.cl\/app\/wp-content\/uploads\/2026\/06\/altascumbre26_3.jpg\" alt=\"\" srcset=\"https:\/\/www.mundorunning.cl\/app\/wp-content\/uploads\/2026\/06\/altascumbre26_3.jpg 673w, https:\/\/www.mundorunning.cl\/app\/wp-content\/uploads\/2026\/06\/altascumbre26_3-300x300.jpg 300w, https:\/\/www.mundorunning.cl\/app\/wp-content\/uploads\/2026\/06\/altascumbre26_3-150x150.jpg 150w\" sizes=\"(max-width: 673px) 100vw, 673px\" \/><\/a><\/p>\n\n\n\n<p>El evento celebrar\u00e1 su tercera edici\u00f3n, y espera reunir a cientos de amantes de la naturaleza y el deporte que en su circuito m\u00e1s extenso llegar\u00e1n al Cerro Minillas para disfrutar una de las vistas m\u00e1s bellas de Santiago, desde las alturas de la precordillera. <\/p>\n\n\n\n<p>La prueba promueve el cuidado por el medio ambiente, y espera que los cientos de participantes respeten el ecosistema durante el evento, no dejando basura en el recorrido, y disfrutando los desniveles de cada uno de los circuitos: <\/p>\n\n\n\n<ul><li>21 kms Skyrace con 1.650m de desnivel positivo<\/li><li>14 kms Trail Running con 1100m de desnivel positivo<\/li><li>Sky Vertical, 7 kms con 1100m de desnivel positivo<\/li><\/ul>\n\n\n\n<p>El cronograma de la competencia tiene planificado los siguientes horarios: <\/p>\n\n\n\n<ul><li>07:30 hrs: Retiro de n\u00famero.<\/li><li>08:30 hrs: Partida 21K Sky Race.<\/li><li>08:35 hrs: Partida 14K Trail Running.<\/li><li>08:40 hrs: Partida 7K Sky Vertical y 4K Familiar.<\/li><\/ul>\n\n\n\n<p class=\"has-text-align-center\"><a href=\"https:\/\/www.eventrid.cl\/eventos\/terrachilexpedition\/trail-altas-cumbres-2026?referer=https%3A%2F%2Fterrachilexpedition.cl%2F\" data-type=\"URL\" data-id=\"https:\/\/www.eventrid.cl\/eventos\/terrachilexpedition\/trail-altas-cumbres-2026?referer=https%3A%2F%2Fterrachilexpedition.cl%2F\" target=\"_blank\" rel=\"noreferrer noopener\"><img loading=\"lazy\" width=\"677\" height=\"604\" class=\"wp-image-8823\" style=\"width: 400px;\" src=\"https:\/\/www.mundorunning.cl\/app\/wp-content\/uploads\/2026\/06\/altascumbre26_2.jpg\" alt=\"\" srcset=\"https:\/\/www.mundorunning.cl\/app\/wp-content\/uploads\/2026\/06\/altascumbre26_2.jpg 677w, https:\/\/www.mundorunning.cl\/app\/wp-content\/uploads\/2026\/06\/altascumbre26_2-300x268.jpg 300w\" sizes=\"(max-width: 677px) 100vw, 677px\" \/><\/a><\/p>\n\n\n\n<p>Te esperamos en esta nueva edici\u00f3n del tradicional evento de Trail Running de la precordillera de Santiago que organiza <a href=\"https:\/\/www.eventrid.cl\/eventos\/terrachilexpedition\/trail-altas-cumbres-2026?referer=https%3A%2F%2Fterrachilexpedition.cl%2F\" data-type=\"URL\" data-id=\"https:\/\/www.eventrid.cl\/eventos\/terrachilexpedition\/trail-altas-cumbres-2026?referer=https%3A%2F%2Fterrachilexpedition.cl%2F\" target=\"_blank\" rel=\"noreferrer noopener\">Terra Chile Expedition.<\/a> <\/p>\n\n\n\n<p><br><\/p>\n\n\n\n<p> <\/p>\n","protected":false},"excerpt":{"rendered":"<p>Las inscripciones se encuentran disponibles para la nueva edici\u00f3n del \u00abTrail Altas Cumbres\u00bb que se realizar\u00e1 desde Fundo Santa Rosa<\/p>\n","protected":false},"author":2,"featured_media":8822,"comment_status":"closed","ping_status":"closed","sticky":false,"template":"","format":"standard","meta":[],"categories":[10],"tags":[],"_links":{"self":[{"href":"https:\/\/www.mundorunning.cl\/app\/wp-json\/wp\/v2\/posts\/8819"}],"collection":[{"href":"https:\/\/www.mundorunning.cl\/app\/wp-json\/wp\/v2\/posts"}],"about":[{"href":"https:\/\/www.mundorunning.cl\/app\/wp-json\/wp\/v2\/types\/post"}],"author":[{"embeddable":true,"href":"https:\/\/www.mundorunning.cl\/app\/wp-json\/wp\/v2\/users\/2"}],"replies":[{"embeddable":true,"href":"https:\/\/www.mundorunning.cl\/app\/wp-json\/wp\/v2\/comments?post=8819"}],"version-history":[{"count":4,"href":"https:\/\/www.mundorunning.cl\/app\/wp-json\/wp\/v2\/posts\/8819\/revisions"}],"predecessor-version":[{"id":8826,"href":"https:\/\/www.mundorunning.cl\/app\/wp-json\/wp\/v2\/posts\/8819\/revisions\/8826"}],"wp:featuredmedia":[{"embeddable":true,"href":"https:\/\/www.mundorunning.cl\/app\/wp-json\/wp\/v2\/media\/8822"}],"wp:attachment":[{"href":"https:\/\/www.mundorunning.cl\/app\/wp-json\/wp\/v2\/media?parent=8819"}],"wp:term":[{"taxonomy":"category","embeddable":true,"href":"https:\/\/www.mundorunning.cl\/app\/wp-json\/wp\/v2\/categories?post=8819"},{"taxonomy":"post_tag","embeddable":true,"href":"https:\/\/www.mundorunning.cl\/app\/wp-json\/wp\/v2\/tags?post=8819"}],"curies":[{"name":"wp","href":"https:\/\/api.w.org\/{rel}","templated":true}]}}