{"id":6435,"date":"2024-12-04T19:32:53","date_gmt":"2024-12-04T19:32:53","guid":{"rendered":"https:\/\/www.mundorunning.cl\/app\/?p=6435"},"modified":"2024-12-17T13:40:11","modified_gmt":"2024-12-17T13:40:11","slug":"21krutalosulmos2025","status":"publish","type":"post","link":"https:\/\/www.mundorunning.cl\/app\/running\/21krutalosulmos2025\/","title":{"rendered":"\u00abMedia Marat\u00f3n Internacional Ruta de Los Ulmos\u00bb se realiza el pr\u00f3ximo domingo 2 de febrero"},"content":{"rendered":"\n<p><em>La regi\u00f3n de Los Lagos recibir\u00e1 a corredores de diez pa\u00edses en la tercera edici\u00f3n del <strong><a rel=\"noreferrer noopener\" href=\"https:\/\/www.mediamaratonrutadelosulmos.cl\/\" data-type=\"URL\" data-id=\"https:\/\/www.mediamaratonrutadelosulmos.cl\/\" target=\"_blank\">\u00abMedio Marat\u00f3n Internacional Ruta de Los Ulmos\u00bb<\/a><\/strong>, que se realiza en la comuna de los Muermos, el pr\u00f3ximo 2 de febrero.  <\/em><\/p>\n\n\n\n<p>Con circuitos de 2, 5, 10 y 21 kil\u00f3metros se realizar\u00e1 el pr\u00f3ximo domingo 2 de febrero, la tercera edici\u00f3n de la <strong><em><a rel=\"noreferrer noopener\" href=\"https:\/\/www.mediamaratonrutadelosulmos.cl\/\" data-type=\"URL\" data-id=\"https:\/\/www.mediamaratonrutadelosulmos.cl\/\" target=\"_blank\">Media Marat\u00f3n Internacional Ruta de Los Ulmos<\/a><\/em><\/strong>, evento que reunir\u00e1 a cientos de corredores desde distintas partes de Sudam\u00e9rica y el mundo. La competencia cuenta con el patrocinio de la <strong>Federaci\u00f3n Atl\u00e9tica de Chile<\/strong>, y se encuentra certificada por <strong>World Athletics<\/strong>, lo que permite a deportistas clasificar a eventos internacionales. <\/p>\n\n\n\n<p>La prueba cuenta con el recorrido m\u00e1s r\u00e1pido del sur de nuestro pa\u00eds, hecho que permiti\u00f3 este a\u00f1o que m\u00e1s del 70% de los atletas marcar\u00e1n su mejor tiempo en el evento. Esta situaci\u00f3n ha llamado la atenci\u00f3n internacional y este 2025 vienen representantes de Kenia, Etiop\u00eda, y Eritrea en busca de parciales que los catapulte como los m\u00e1s r\u00e1pidos del certamen. <\/p>\n\n\n\n<p>Las inscripciones se encuentran disponibles a trav\u00e9s del portal oficial <strong><em><a rel=\"noreferrer noopener\" href=\"https:\/\/www.mediamaratonrutadelosulmos.cl\/\" data-type=\"URL\" data-id=\"https:\/\/www.mediamaratonrutadelosulmos.cl\/\" target=\"_blank\">www.mediamaratonrutadelosulmos.cl <\/a><\/em><\/strong> y ya quedan pocos cupos con polera original World Athletics, ya que el stock finaliza en los mil participantes. Luego, el kit de competidor no incluir\u00e1 la camiseta del evento. <\/p>\n\n\n\n<p class=\"has-text-align-center\"><a href=\"https:\/\/www.mediamaratonrutadelosulmos.cl\/\" data-type=\"URL\" data-id=\"https:\/\/www.mediamaratonrutadelosulmos.cl\/\" target=\"_blank\" rel=\"noreferrer noopener\"><img loading=\"lazy\" width=\"600\" height=\"600\" class=\"wp-image-6440\" style=\"width: 450px;\" src=\"https:\/\/www.mundorunning.cl\/app\/wp-content\/uploads\/2024\/11\/IMG_20241104_142245_187.jpg\" alt=\"\" srcset=\"https:\/\/www.mundorunning.cl\/app\/wp-content\/uploads\/2024\/11\/IMG_20241104_142245_187.jpg 600w, https:\/\/www.mundorunning.cl\/app\/wp-content\/uploads\/2024\/11\/IMG_20241104_142245_187-300x300.jpg 300w, https:\/\/www.mundorunning.cl\/app\/wp-content\/uploads\/2024\/11\/IMG_20241104_142245_187-150x150.jpg 150w\" sizes=\"(max-width: 600px) 100vw, 600px\" \/><\/a><\/p>\n\n\n\n<p>El kit de competidor se podr\u00e1 retirar el d\u00eda s\u00e1bado 01 de febrero, en Plaza de Armas de la comuna de Los Muermos, y tambi\u00e9n el mismo d\u00eda de la competencia desde las 07:30 horas. La prueba tendr\u00e1 partidas diferenciadas seg\u00fan las distintas distancias: <\/p>\n\n\n\n<ul><li>Capacidades diferentes 8:55 horas<\/li><li>21k Largada 09:00 horas<\/li><li>10k Largada 09:05 horas<\/li><li>5k Largada 09:15 horas<\/li><li>2K Largada 09:15 horas<\/li><\/ul>\n\n\n\n<p>Todos los corredores que crucen correctamente la meta tendr\u00e1n derecho a medalla finisher, y los organizadores confirman que el evento se realizar\u00e1 el d\u00eda determinado, a pesar de inconvenientes climatol\u00f3gicos. <\/p>\n\n\n\n<p class=\"has-text-align-center\"><a href=\"https:\/\/www.mediamaratonrutadelosulmos.cl\/\" data-type=\"URL\" data-id=\"https:\/\/www.mediamaratonrutadelosulmos.cl\/\" target=\"_blank\" rel=\"noreferrer noopener\"><img loading=\"lazy\" width=\"798\" height=\"787\" class=\"wp-image-6442\" style=\"width: 450px;\" src=\"https:\/\/www.mundorunning.cl\/app\/wp-content\/uploads\/2024\/11\/muermos.jpg\" alt=\"\" srcset=\"https:\/\/www.mundorunning.cl\/app\/wp-content\/uploads\/2024\/11\/muermos.jpg 798w, https:\/\/www.mundorunning.cl\/app\/wp-content\/uploads\/2024\/11\/muermos-300x296.jpg 300w, https:\/\/www.mundorunning.cl\/app\/wp-content\/uploads\/2024\/11\/muermos-768x757.jpg 768w\" sizes=\"(max-width: 798px) 100vw, 798px\" \/><\/a><\/p>\n\n\n\n<p class=\"has-text-align-center\"><strong><a rel=\"noreferrer noopener\" href=\"http:\/\/www.mundorunning.cl\/\" target=\"_blank\">Mundo Running\u2026 Corremos contigo!!<\/a><br><a rel=\"noreferrer noopener\" href=\"https:\/\/www.instagram.com\/explore\/tags\/envejecercorriendo\/\" target=\"_blank\">#EnvejecerCorriendo<\/a><\/strong><\/p>\n\n\n\n<p class=\"has-text-align-center\"><a rel=\"noreferrer noopener\" href=\"https:\/\/www.mediamaratonrutadelosulmos.cl\/\" data-type=\"URL\" data-id=\"https:\/\/www.mediamaratonrutadelosulmos.cl\/\" target=\"_blank\"><\/a><\/p>\n\n\n\n<p><\/p>\n","protected":false},"excerpt":{"rendered":"<p>En el circuito m\u00e1s r\u00e1pido del sur de Chile, se realizar\u00e1 una nueva versi\u00f3n de los 21K en la comuna de Los Muermos, X Regi\u00f3n. <\/p>\n","protected":false},"author":2,"featured_media":6439,"comment_status":"closed","ping_status":"closed","sticky":false,"template":"","format":"standard","meta":[],"categories":[5,4],"tags":[44,18,32,521,23,522,523],"_links":{"self":[{"href":"https:\/\/www.mundorunning.cl\/app\/wp-json\/wp\/v2\/posts\/6435"}],"collection":[{"href":"https:\/\/www.mundorunning.cl\/app\/wp-json\/wp\/v2\/posts"}],"about":[{"href":"https:\/\/www.mundorunning.cl\/app\/wp-json\/wp\/v2\/types\/post"}],"author":[{"embeddable":true,"href":"https:\/\/www.mundorunning.cl\/app\/wp-json\/wp\/v2\/users\/2"}],"replies":[{"embeddable":true,"href":"https:\/\/www.mundorunning.cl\/app\/wp-json\/wp\/v2\/comments?post=6435"}],"version-history":[{"count":8,"href":"https:\/\/www.mundorunning.cl\/app\/wp-json\/wp\/v2\/posts\/6435\/revisions"}],"predecessor-version":[{"id":6448,"href":"https:\/\/www.mundorunning.cl\/app\/wp-json\/wp\/v2\/posts\/6435\/revisions\/6448"}],"wp:featuredmedia":[{"embeddable":true,"href":"https:\/\/www.mundorunning.cl\/app\/wp-json\/wp\/v2\/media\/6439"}],"wp:attachment":[{"href":"https:\/\/www.mundorunning.cl\/app\/wp-json\/wp\/v2\/media?parent=6435"}],"wp:term":[{"taxonomy":"category","embeddable":true,"href":"https:\/\/www.mundorunning.cl\/app\/wp-json\/wp\/v2\/categories?post=6435"},{"taxonomy":"post_tag","embeddable":true,"href":"https:\/\/www.mundorunning.cl\/app\/wp-json\/wp\/v2\/tags?post=6435"}],"curies":[{"name":"wp","href":"https:\/\/api.w.org\/{rel}","templated":true}]}}