{"id":4892,"date":"2023-11-15T14:13:13","date_gmt":"2023-11-15T14:13:13","guid":{"rendered":"https:\/\/www.mundorunning.cl\/app\/?p=4892"},"modified":"2023-11-16T15:43:01","modified_gmt":"2023-11-16T15:43:01","slug":"rrmdm2023_blanquita","status":"publish","type":"post","link":"https:\/\/www.mundorunning.cl\/app\/running\/rrmdm2023_blanquita\/","title":{"rendered":"Marat\u00f3n del Maule 2023: Llegu\u00e9 a la meta completamente feliz!!"},"content":{"rendered":"\n<p>Mi nombre es <strong>Mar\u00eda Jos\u00e9 Guerrero<\/strong>, m\u00e1s conocida en el mundo running como <strong>\u201cBlanquita\u201d<\/strong>, soy corredora amateur, aficionada al trailrunnig y al Crossfit. <\/p>\n\n\n\n<p>Empezar\u00e9 mi <em>Race Report<\/em> contando c\u00f3mo llegue a participar de este incre\u00edble evento que es el <strong>MARAT\u00d3N DEL MAULE<\/strong>. <\/p>\n\n\n\n<p>El a\u00f1o pasado vimos junto a mi novio la hermosa medalla <em>finisher<\/em> de este evento y comenzamos a investigar sobre \u00e9l: fecha, lugar, alojamiento, distancias etc. <br>Y fue entonces cuando tomamos la decisi\u00f3n de participar de esta nueva versi\u00f3n, junto a varios participantes de la familia <a href=\"https:\/\/www.instagram.com\/corramos.en.chile\/\" data-type=\"URL\" data-id=\"https:\/\/www.instagram.com\/corramos.en.chile\/\" target=\"_blank\" rel=\"noreferrer noopener\">\u00abCorramos en Chile\u00bb<\/a>. <\/p>\n\n\n\n<p>Realmente es un evento maravilloso, lo recomiendo al 100%, uno de los mejores kit que he recibido en m\u00e1s de 12 a\u00f1os de participaci\u00f3n en carreras. La ruta es realmente hermosa, las largadas de las tres distancias fueron a la hora programada, cosa que se agradece enormemente. <\/p>\n\n\n\n<p>Es un recorrido f\u00e1cil para lograr bajar ritmos, ya que vas constantemente en bajada, y algo que rescato de este evento, es el respeto de la gente de Curic\u00f3 hacia cada uno de los corredores, ya que las calles no estaban cerradas y aun as\u00ed los automovilistas no tocaban sus bocinas con rabia por no poder pasar, al contrario, abr\u00edan sus ventanas y nos daban \u00e1nimos para llegar a la meta. <\/p>\n\n\n\n<p class=\"has-text-align-center\"><img loading=\"lazy\" width=\"462\" height=\"351\" class=\"wp-image-4898\" style=\"width: 400px;\" src=\"https:\/\/www.mundorunning.cl\/app\/wp-content\/uploads\/2023\/11\/Blanquita3.jpg\" alt=\"\" srcset=\"https:\/\/www.mundorunning.cl\/app\/wp-content\/uploads\/2023\/11\/Blanquita3.jpg 462w, https:\/\/www.mundorunning.cl\/app\/wp-content\/uploads\/2023\/11\/Blanquita3-300x228.jpg 300w\" sizes=\"(max-width: 462px) 100vw, 462px\" \/><\/p>\n\n\n\n<p>Que puedo decir de mis sensaciones durante el recorrido, <em>wow<\/em> fueron much\u00edsimas, entre ellas mucha emoci\u00f3n, ya que hace un tiempo mis kil\u00f3metros van en memoria de algunas personas que partieron este a\u00f1o al cielo\u2026 Como se dice, las emociones iban a flor de piel, adem\u00e1s de llevar a mi novio en mi mente, ya que \u00e9l iba por su cuarto marat\u00f3n, cosa que me causa su grado de nervios y ansiedad, s\u00f3lo esperaba el momento de vernos en la meta y poder decirnos lo <strong><em>\u201clogramos una vez m\u00e1s\u201d<\/em><\/strong>\u2026. Darnos ese beso y abrazo gigante que cierra cada uno de nuestros logros. <\/p>\n\n\n\n<p>Llegu\u00e9 a la meta completamente feliz, un desaf\u00edo m\u00e1s cumplido, un marat\u00f3n junto al hombre que amo\u2026 Correr en las tierras de mi tata que hace unos meses se fue al cielo fue completamente emocionante para m\u00ed, fue un evento de muchas emociones que volver\u00eda a repetir sin duda alguna y espero hacerlo en una pr\u00f3xima versi\u00f3n, pero ahora completando los 21K. <\/p>\n\n\n\n<p>Me voy con las mejores sensaciones, un viaje hermoso, una nueva aventura m\u00e1s en el libro de mi historia personal, y que mejor cerrarlo con la preciosura de medalla de esta nueva versi\u00f3n del Marat\u00f3n del Maule 2023.<\/p>\n\n\n\n<p class=\"has-text-align-center\"><img loading=\"lazy\" width=\"752\" height=\"824\" class=\"wp-image-4896\" style=\"width: 400px;\" src=\"https:\/\/www.mundorunning.cl\/app\/wp-content\/uploads\/2023\/11\/Blanquita1.jpg\" alt=\"\" srcset=\"https:\/\/www.mundorunning.cl\/app\/wp-content\/uploads\/2023\/11\/Blanquita1.jpg 752w, https:\/\/www.mundorunning.cl\/app\/wp-content\/uploads\/2023\/11\/Blanquita1-274x300.jpg 274w\" sizes=\"(max-width: 752px) 100vw, 752px\" \/><\/p>\n\n\n\n<p class=\"has-text-align-center\">*Si participaste del Marat\u00f3n del Maule 2023 y nos quieres contar tu experiencia en el evento, escr\u00edbenos a: info@mundorunning.cl<\/p>\n\n\n\n<p class=\"has-text-align-center\"><strong><a rel=\"noreferrer noopener\" href=\"http:\/\/www.mundorunning.cl\/\" target=\"_blank\">Mundo Running\u2026 Corremos contigo!!<\/a><\/strong><br><strong><em><a rel=\"noreferrer noopener\" href=\"https:\/\/www.instagram.com\/explore\/tags\/envejecercorriendo\/\" target=\"_blank\">#EnvejecerCorriendo<\/a><\/em><\/strong><\/p>\n","protected":false},"excerpt":{"rendered":"<p>Mar\u00eda Jos\u00e9 Guerrero, \u00abBlanquita\u00bb, nos coment\u00f3 sus vivencias y sensaciones en el Marat\u00f3n del Maule 2023<\/p>\n","protected":false},"author":2,"featured_media":4897,"comment_status":"closed","ping_status":"closed","sticky":false,"template":"","format":"standard","meta":[],"categories":[9,4],"tags":[44,18,32,26,439,23,19],"_links":{"self":[{"href":"https:\/\/www.mundorunning.cl\/app\/wp-json\/wp\/v2\/posts\/4892"}],"collection":[{"href":"https:\/\/www.mundorunning.cl\/app\/wp-json\/wp\/v2\/posts"}],"about":[{"href":"https:\/\/www.mundorunning.cl\/app\/wp-json\/wp\/v2\/types\/post"}],"author":[{"embeddable":true,"href":"https:\/\/www.mundorunning.cl\/app\/wp-json\/wp\/v2\/users\/2"}],"replies":[{"embeddable":true,"href":"https:\/\/www.mundorunning.cl\/app\/wp-json\/wp\/v2\/comments?post=4892"}],"version-history":[{"count":7,"href":"https:\/\/www.mundorunning.cl\/app\/wp-json\/wp\/v2\/posts\/4892\/revisions"}],"predecessor-version":[{"id":4903,"href":"https:\/\/www.mundorunning.cl\/app\/wp-json\/wp\/v2\/posts\/4892\/revisions\/4903"}],"wp:featuredmedia":[{"embeddable":true,"href":"https:\/\/www.mundorunning.cl\/app\/wp-json\/wp\/v2\/media\/4897"}],"wp:attachment":[{"href":"https:\/\/www.mundorunning.cl\/app\/wp-json\/wp\/v2\/media?parent=4892"}],"wp:term":[{"taxonomy":"category","embeddable":true,"href":"https:\/\/www.mundorunning.cl\/app\/wp-json\/wp\/v2\/categories?post=4892"},{"taxonomy":"post_tag","embeddable":true,"href":"https:\/\/www.mundorunning.cl\/app\/wp-json\/wp\/v2\/tags?post=4892"}],"curies":[{"name":"wp","href":"https:\/\/api.w.org\/{rel}","templated":true}]}}