{"id":4469,"date":"2023-07-31T02:56:31","date_gmt":"2023-07-31T02:56:31","guid":{"rendered":"https:\/\/www.mundorunning.cl\/app\/?p=4469"},"modified":"2023-07-31T03:08:58","modified_gmt":"2023-07-31T03:08:58","slug":"fronteratrail2023","status":"publish","type":"post","link":"https:\/\/www.mundorunning.cl\/app\/noticias-recientes\/fronteratrail2023\/","title":{"rendered":"Parque Pumalal recibir\u00e1 la pr\u00f3xima edici\u00f3n de \u00abFrontera Trail\u00bb"},"content":{"rendered":"\n<p><em>A solo minutos de Temuco se ubica <strong>Parque Pumalal<\/strong>, escenario de la pr\u00f3xima edici\u00f3n de <strong><a href=\"https:\/\/welcu.com\/puelcheproducciones\/fronteratrail2023\" data-type=\"URL\" data-id=\"https:\/\/welcu.com\/puelcheproducciones\/fronteratrail2023\" target=\"_blank\" rel=\"noreferrer noopener\">\u00abFrontera Trail\u00bb<\/a><\/strong>, evento que se realizar\u00e1 el 28 de octubre, y que tendr\u00e1 recorridos para todos los niveles de corredores. <\/em><\/p>\n\n\n\n<p>El 28 de octubre se realizar\u00e1 una nueva edici\u00f3n de <strong><a rel=\"noreferrer noopener\" href=\"https:\/\/welcu.com\/puelcheproducciones\/fronteratrail2023\" data-type=\"URL\" data-id=\"https:\/\/welcu.com\/puelcheproducciones\/fronteratrail2023\" target=\"_blank\">\u00abFrontera Trail\u00bb<\/a><\/strong>, evento organizado por <a rel=\"noreferrer noopener\" href=\"https:\/\/www.instagram.com\/puelcheproducciones\/\" data-type=\"URL\" data-id=\"https:\/\/www.instagram.com\/puelcheproducciones\/\" target=\"_blank\"><strong>Puelche Producciones<\/strong><\/a>, que se llevar\u00e1 a cabo en <strong>Parque Pumalal<\/strong>, primer parque de la <em>Red Bosque Vivo de CMPC<\/em>, y que congregar\u00e1 a trail runners de todas las edades en sus circuitos competitivos y kids. <\/p>\n\n\n\n<p>Con el objetivo de potenciar el deporte escolar, familiar y competitivo, el evento tendr\u00e1 rutas para corredores avezados y para menores de 14 a\u00f1os, motivando la participaci\u00f3n de la comunidad local en esta nueva versi\u00f3n que cuenta con el apoyo de CMPC. <br>Las distancias programadas son de 30, 13, y 7 kil\u00f3metros para los amantes de la naturaleza m\u00e1s experimentados; mientras que los circuitos de 3,5K y 1,5 kil\u00f3metros son para que los m\u00e1s peque\u00f1os se aproximen a los senderos del parque. <\/p>\n\n\n\n<figure class=\"wp-block-embed is-type-video is-provider-youtube wp-block-embed-youtube wp-embed-aspect-16-9 wp-has-aspect-ratio\"><div class=\"wp-block-embed__wrapper\">\n<iframe loading=\"lazy\" title=\"CMPC FRONTERA TRAIL 2019\" width=\"800\" height=\"450\" src=\"https:\/\/www.youtube.com\/embed\/Zu0nD4FlX5k?feature=oembed\" frameborder=\"0\" allow=\"accelerometer; autoplay; clipboard-write; encrypted-media; gyroscope; picture-in-picture; web-share\" allowfullscreen><\/iframe>\n<\/div><\/figure>\n\n\n\n<p>Las inscripciones se encuentran disponibles a trav\u00e9s del <strong><a rel=\"noreferrer noopener\" href=\"https:\/\/welcu.com\/puelcheproducciones\/fronteratrail2023\" data-type=\"URL\" data-id=\"https:\/\/welcu.com\/puelcheproducciones\/fronteratrail2023\" target=\"_blank\">portal WELCU (<em>pincha AQU\u00cd<\/em>)<\/a><\/strong>, y el evento marcar\u00e1 un hito en la regi\u00f3n al organizar por primera vez un trail escolar, enfocado en los establecimientos escolares de la zona. <\/p>\n\n\n\n<p><a href=\"https:\/\/welcu.com\/puelcheproducciones\/fronteratrail2023\" data-type=\"URL\" data-id=\"https:\/\/welcu.com\/puelcheproducciones\/fronteratrail2023\" target=\"_blank\" rel=\"noreferrer noopener\">S\u00daMATE a este tremendo evento que se desarrolla en Temuco, y vive toda la experiencia de<\/a> <strong><em><a href=\"https:\/\/welcu.com\/puelcheproducciones\/fronteratrail2023\" data-type=\"URL\" data-id=\"https:\/\/welcu.com\/puelcheproducciones\/fronteratrail2023\" target=\"_blank\" rel=\"noreferrer noopener\">\u00abFrontera Trail 2023\u00bb<\/a><\/em><\/strong><\/p>\n\n\n\n<p class=\"has-text-align-center\"><a href=\"https:\/\/welcu.com\/puelcheproducciones\/fronteratrail2023\" data-type=\"URL\" data-id=\"https:\/\/welcu.com\/puelcheproducciones\/fronteratrail2023\" target=\"_blank\" rel=\"noreferrer noopener\"><img loading=\"lazy\" width=\"979\" height=\"372\" class=\"wp-image-4474\" style=\"width: 650px;\" src=\"https:\/\/www.mundorunning.cl\/app\/wp-content\/uploads\/2023\/07\/Frontera_23_2.jpg\" alt=\"\" srcset=\"https:\/\/www.mundorunning.cl\/app\/wp-content\/uploads\/2023\/07\/Frontera_23_2.jpg 979w, https:\/\/www.mundorunning.cl\/app\/wp-content\/uploads\/2023\/07\/Frontera_23_2-300x114.jpg 300w, https:\/\/www.mundorunning.cl\/app\/wp-content\/uploads\/2023\/07\/Frontera_23_2-768x292.jpg 768w\" sizes=\"(max-width: 979px) 100vw, 979px\" \/><\/a><\/p>\n\n\n\n<p class=\"has-text-align-center\"><strong><a href=\"http:\/\/www.mundorunning.cl\" data-type=\"URL\" data-id=\"www.mundorunning.cl\" target=\"_blank\" rel=\"noreferrer noopener\">Mundo Running&#8230; Corremos contigo!!<\/a><br><em><a href=\"https:\/\/www.instagram.com\/explore\/tags\/envejecercorriendo\/\" data-type=\"URL\" data-id=\"https:\/\/www.instagram.com\/explore\/tags\/envejecercorriendo\/\" target=\"_blank\" rel=\"noreferrer noopener\">#EnvejecerCorriendo<\/a><\/em><\/strong><\/p>\n","protected":false},"excerpt":{"rendered":"<p>El 28 de octubre se realizar\u00e1 una nueva edici\u00f3n de FRONTERA TRAIL, evento que se desarrollar\u00e1 en Parque Pumalal, a minutos de Temuco. <\/p>\n","protected":false},"author":2,"featured_media":4472,"comment_status":"closed","ping_status":"closed","sticky":false,"template":"","format":"standard","meta":[],"categories":[7,5,10],"tags":[44,414,18,23,415,413,54,20],"_links":{"self":[{"href":"https:\/\/www.mundorunning.cl\/app\/wp-json\/wp\/v2\/posts\/4469"}],"collection":[{"href":"https:\/\/www.mundorunning.cl\/app\/wp-json\/wp\/v2\/posts"}],"about":[{"href":"https:\/\/www.mundorunning.cl\/app\/wp-json\/wp\/v2\/types\/post"}],"author":[{"embeddable":true,"href":"https:\/\/www.mundorunning.cl\/app\/wp-json\/wp\/v2\/users\/2"}],"replies":[{"embeddable":true,"href":"https:\/\/www.mundorunning.cl\/app\/wp-json\/wp\/v2\/comments?post=4469"}],"version-history":[{"count":5,"href":"https:\/\/www.mundorunning.cl\/app\/wp-json\/wp\/v2\/posts\/4469\/revisions"}],"predecessor-version":[{"id":4476,"href":"https:\/\/www.mundorunning.cl\/app\/wp-json\/wp\/v2\/posts\/4469\/revisions\/4476"}],"wp:featuredmedia":[{"embeddable":true,"href":"https:\/\/www.mundorunning.cl\/app\/wp-json\/wp\/v2\/media\/4472"}],"wp:attachment":[{"href":"https:\/\/www.mundorunning.cl\/app\/wp-json\/wp\/v2\/media?parent=4469"}],"wp:term":[{"taxonomy":"category","embeddable":true,"href":"https:\/\/www.mundorunning.cl\/app\/wp-json\/wp\/v2\/categories?post=4469"},{"taxonomy":"post_tag","embeddable":true,"href":"https:\/\/www.mundorunning.cl\/app\/wp-json\/wp\/v2\/tags?post=4469"}],"curies":[{"name":"wp","href":"https:\/\/api.w.org\/{rel}","templated":true}]}}